{"id":160,"date":"2019-12-20T20:22:20","date_gmt":"2019-12-20T19:22:20","guid":{"rendered":"https:\/\/www.pedagog.uw.edu.pl\/sknrozwoj\/?p=160"},"modified":"2020-04-13T20:29:30","modified_gmt":"2020-04-13T18:29:30","slug":"spotkanie-wigilijne-19-12-2019","status":"publish","type":"post","link":"https:\/\/www.pedagog.uw.edu.pl\/sknrozwoj\/2019\/12\/20\/spotkanie-wigilijne-19-12-2019\/","title":{"rendered":"Spotkanie wigilijne 19.12.2019"},"content":{"rendered":"<p>Spotkali\u015bmy si\u0119 na Wydziale, be z\u0142o\u017cy\u0107 sobie \u017cyczenia i wsp\u00f3lnie sp\u0119dzi\u0107 przed\u015bwi\u0105teczny czas. \u015aw. Miko\u0142aj przyni\u00f3s\u0142 nam wszystkim spersonalizowane zak\u0142adki, na ekranie telewizora iskrzy\u0142 kominek, na tablicy narysowali\u015bmy choink\u0119&#8230;<\/p>\n<p>Weso\u0142ych \u015bwi\u0105t!<br \/>\n<img loading=\"lazy\" decoding=\"async\" class=\"size-medium wp-image-164 aligncenter\" src=\"http:\/\/www.pedagog.uw.edu.pl\/sknrozwoj\/wp-content\/uploads\/sites\/13\/2020\/04\/80216383_1029031827454436_4155771507630407680_n-300x200.jpg\" alt=\"\" width=\"300\" height=\"200\" srcset=\"https:\/\/www.pedagog.uw.edu.pl\/sknrozwoj\/wp-content\/uploads\/sites\/13\/2020\/04\/80216383_1029031827454436_4155771507630407680_n-300x200.jpg 300w, https:\/\/www.pedagog.uw.edu.pl\/sknrozwoj\/wp-content\/uploads\/sites\/13\/2020\/04\/80216383_1029031827454436_4155771507630407680_n-768x513.jpg 768w, https:\/\/www.pedagog.uw.edu.pl\/sknrozwoj\/wp-content\/uploads\/sites\/13\/2020\/04\/80216383_1029031827454436_4155771507630407680_n.jpg 960w\" sizes=\"auto, (max-width: 300px) 100vw, 300px\" \/><\/p>\n","protected":false},"excerpt":{"rendered":"<p>Spotkali\u015bmy si\u0119 na Wydziale, be z\u0142o\u017cy\u0107 sobie \u017cyczenia i wsp\u00f3lnie sp\u0119dzi\u0107 przed\u015bwi\u0105teczny czas. \u015aw. Miko\u0142aj przyni\u00f3s\u0142 nam wszystkim spersonalizowane zak\u0142adki, na ekranie telewizora iskrzy\u0142 kominek, na tablicy narysowali\u015bmy choink\u0119&#8230; Weso\u0142ych \u015bwi\u0105t!<\/p>\n","protected":false},"author":58,"featured_media":0,"comment_status":"closed","ping_status":"closed","sticky":false,"template":"","format":"standard","meta":{"footnotes":""},"categories":[1,5],"tags":[],"class_list":["post-160","post","type-post","status-publish","format-standard","hentry","category-aktualnosci","category-spotkania"],"_links":{"self":[{"href":"https:\/\/www.pedagog.uw.edu.pl\/sknrozwoj\/wp-json\/wp\/v2\/posts\/160","targetHints":{"allow":["GET"]}}],"collection":[{"href":"https:\/\/www.pedagog.uw.edu.pl\/sknrozwoj\/wp-json\/wp\/v2\/posts"}],"about":[{"href":"https:\/\/www.pedagog.uw.edu.pl\/sknrozwoj\/wp-json\/wp\/v2\/types\/post"}],"author":[{"embeddable":true,"href":"https:\/\/www.pedagog.uw.edu.pl\/sknrozwoj\/wp-json\/wp\/v2\/users\/58"}],"replies":[{"embeddable":true,"href":"https:\/\/www.pedagog.uw.edu.pl\/sknrozwoj\/wp-json\/wp\/v2\/comments?post=160"}],"version-history":[{"count":2,"href":"https:\/\/www.pedagog.uw.edu.pl\/sknrozwoj\/wp-json\/wp\/v2\/posts\/160\/revisions"}],"predecessor-version":[{"id":166,"href":"https:\/\/www.pedagog.uw.edu.pl\/sknrozwoj\/wp-json\/wp\/v2\/posts\/160\/revisions\/166"}],"wp:attachment":[{"href":"https:\/\/www.pedagog.uw.edu.pl\/sknrozwoj\/wp-json\/wp\/v2\/media?parent=160"}],"wp:term":[{"taxonomy":"category","embeddable":true,"href":"https:\/\/www.pedagog.uw.edu.pl\/sknrozwoj\/wp-json\/wp\/v2\/categories?post=160"},{"taxonomy":"post_tag","embeddable":true,"href":"https:\/\/www.pedagog.uw.edu.pl\/sknrozwoj\/wp-json\/wp\/v2\/tags?post=160"}],"curies":[{"name":"wp","href":"https:\/\/api.w.org\/{rel}","templated":true}]}}