{"id":478,"date":"2021-04-21T10:29:48","date_gmt":"2021-04-21T08:29:48","guid":{"rendered":"https:\/\/www.pedagog.uw.edu.pl\/sknrozwoj\/?p=478"},"modified":"2021-04-21T10:29:48","modified_gmt":"2021-04-21T08:29:48","slug":"recenzja-ksiazki-a-krolik-sluchal","status":"publish","type":"post","link":"https:\/\/www.pedagog.uw.edu.pl\/sknrozwoj\/2021\/04\/21\/recenzja-ksiazki-a-krolik-sluchal\/","title":{"rendered":"Recenzja ksi\u0105\u017cki &#8222;A kr\u00f3lik s\u0142ucha\u0142&#8221;"},"content":{"rendered":"<p>Kolejna recenzja w naszym cyklu powsta\u0142a dzi\u0119ki wydawnictwu <a href=\"https:\/\/www.facebook.com\/wydawnictwo.mamania\">Mamania<\/a>. Dzisiejsza pozycja zach\u0119ca nas do wyruszenia w podr\u00f3\u017c do \u015bwiata w\u0142asnych uczu\u0107 i potrzeb, pokazuj\u0105c jednocze\u015bnie, jak wa\u017cne jest ich zrozumienie.<\/p>\n<p><img loading=\"lazy\" decoding=\"async\" class=\"size-medium wp-image-479 aligncenter\" src=\"https:\/\/www.pedagog.uw.edu.pl\/sknrozwoj\/wp-content\/uploads\/sites\/13\/2021\/04\/a-krolik-sluchal-300x300.jpg\" alt=\"\" width=\"300\" height=\"300\" srcset=\"https:\/\/www.pedagog.uw.edu.pl\/sknrozwoj\/wp-content\/uploads\/sites\/13\/2021\/04\/a-krolik-sluchal-300x300.jpg 300w, https:\/\/www.pedagog.uw.edu.pl\/sknrozwoj\/wp-content\/uploads\/sites\/13\/2021\/04\/a-krolik-sluchal-150x150.jpg 150w, https:\/\/www.pedagog.uw.edu.pl\/sknrozwoj\/wp-content\/uploads\/sites\/13\/2021\/04\/a-krolik-sluchal.jpg 450w\" sizes=\"auto, (max-width: 300px) 100vw, 300px\" \/><!--more--><\/p>\n<p>\u201eA kr\u00f3lik s\u0142ucha\u0142&#8221; autorstwa Cori Doerrfeld to wbrew pozorom ksi\u0105\u017cka cenna i przydatna nie tylko dla dzieci i ich emocjonalnego rozwoju. R\u00f3wnie\u017c doro\u015bli mog\u0105 dzi\u0119ki niej lepiej zrozumie\u0107 czym jest, a czym nie jest empatia.<\/p>\n<p>Wszyscy chcemy uchodzi\u0107 za empatycznych, w duchu empatii pragniemy r\u00f3wnie\u017c wychowywa\u0107 nasze dzieci. Tymczasem to powszechnie znane i u\u017cywane s\u0142owo kryje za sob\u0105 wi\u0119cej ni\u017c nam si\u0119 wydaje. Kiedy pr\u00f3bujemy t\u0142umaczy\u0107 co oznacza okre\u015blenie &#8222;empatia&#8221;, okazuje si\u0119, \u017ce sami nie do ko\u0144ca je rozumiemy. Cho\u0107 lepiej stwierdzi\u0107: nie doceniamy, gdy\u017c z jednej strony empatia to tylko stworzenie komu\u015b przestrzeni do okre\u015blenia i wyra\u017cenia potrzeb. Z drugiej jednak, kiedy przekonamy si\u0119 jak trudno tak\u0105 przestrze\u0144 stworzy\u0107 bez zapychania jej przy tym samemu, okazuje si\u0119, \u017ce &#8222;tylko&#8221; to &#8222;a\u017c&#8221;. Kr\u00f3likowi si\u0119 uda\u0142o, przekonajcie si\u0119 jak to zrobi\u0142. I niech was nie zmyli pozorna kr\u00f3tko\u015b\u0107 ksi\u0105\u017cki, ka\u017cdy jej wers otworzy w was zdolno\u015b\u0107 do g\u0142\u0119bszej refleksji.<\/p>\n<blockquote>\n<p style=\"text-align: left\">Siedzieli razem w ciszy, a\u017c Taylor powiedzia\u0142:<\/p>\n<p style=\"text-align: left\">&#8211; Prosz\u0119, zosta\u0144 ze mn\u0105.<\/p>\n<p>A kr\u00f3lik s\u0142ucha\u0142.<\/p><\/blockquote>\n<p>Autorka recenzji:<\/p>\n<p>Agnieszka Kocon<\/p>\n","protected":false},"excerpt":{"rendered":"<p>Kolejna recenzja w naszym cyklu powsta\u0142a dzi\u0119ki wydawnictwu Mamania. Dzisiejsza pozycja zach\u0119ca nas do wyruszenia w podr\u00f3\u017c do \u015bwiata w\u0142asnych uczu\u0107 i potrzeb, pokazuj\u0105c jednocze\u015bnie, jak wa\u017cne jest ich zrozumienie.<\/p>\n","protected":false},"author":174,"featured_media":0,"comment_status":"closed","ping_status":"closed","sticky":false,"template":"","format":"standard","meta":{"footnotes":""},"categories":[1,4],"tags":[],"class_list":["post-478","post","type-post","status-publish","format-standard","hentry","category-aktualnosci","category-recenzje"],"_links":{"self":[{"href":"https:\/\/www.pedagog.uw.edu.pl\/sknrozwoj\/wp-json\/wp\/v2\/posts\/478","targetHints":{"allow":["GET"]}}],"collection":[{"href":"https:\/\/www.pedagog.uw.edu.pl\/sknrozwoj\/wp-json\/wp\/v2\/posts"}],"about":[{"href":"https:\/\/www.pedagog.uw.edu.pl\/sknrozwoj\/wp-json\/wp\/v2\/types\/post"}],"author":[{"embeddable":true,"href":"https:\/\/www.pedagog.uw.edu.pl\/sknrozwoj\/wp-json\/wp\/v2\/users\/174"}],"replies":[{"embeddable":true,"href":"https:\/\/www.pedagog.uw.edu.pl\/sknrozwoj\/wp-json\/wp\/v2\/comments?post=478"}],"version-history":[{"count":1,"href":"https:\/\/www.pedagog.uw.edu.pl\/sknrozwoj\/wp-json\/wp\/v2\/posts\/478\/revisions"}],"predecessor-version":[{"id":480,"href":"https:\/\/www.pedagog.uw.edu.pl\/sknrozwoj\/wp-json\/wp\/v2\/posts\/478\/revisions\/480"}],"wp:attachment":[{"href":"https:\/\/www.pedagog.uw.edu.pl\/sknrozwoj\/wp-json\/wp\/v2\/media?parent=478"}],"wp:term":[{"taxonomy":"category","embeddable":true,"href":"https:\/\/www.pedagog.uw.edu.pl\/sknrozwoj\/wp-json\/wp\/v2\/categories?post=478"},{"taxonomy":"post_tag","embeddable":true,"href":"https:\/\/www.pedagog.uw.edu.pl\/sknrozwoj\/wp-json\/wp\/v2\/tags?post=478"}],"curies":[{"name":"wp","href":"https:\/\/api.w.org\/{rel}","templated":true}]}}