{"id":615,"date":"2022-01-12T18:45:24","date_gmt":"2022-01-12T17:45:24","guid":{"rendered":"https:\/\/www.pedagog.uw.edu.pl\/sknrozwoj\/?p=615"},"modified":"2022-01-12T18:45:24","modified_gmt":"2022-01-12T17:45:24","slug":"kiedy-nadchodzi-smutek-recenzja-ksiazki","status":"publish","type":"post","link":"https:\/\/www.pedagog.uw.edu.pl\/sknrozwoj\/2022\/01\/12\/kiedy-nadchodzi-smutek-recenzja-ksiazki\/","title":{"rendered":"&#8222;Kiedy nadchodzi smutek&#8221; &#8211; recenzja ksi\u0105\u017cki"},"content":{"rendered":"<p><span style=\"font-weight: 400\">Dzi\u015b przychodzimy do Was z recenzj\u0105 kr\u00f3ciutkiej, ale bardzo warto\u015bciowej ksi\u0105\u017cki dla dzieci. Pozycja pod tytu\u0142em \u201eKiedy nadchodzi smutek\u201d autorstwa Evy Eland zosta\u0142a wydana przez wydawnictwo <a href=\"https:\/\/mamania.pl\/\">Mamania<\/a>.<\/span><br \/>\n<!--more--><\/p>\n<figure id=\"attachment_616\" aria-describedby=\"caption-attachment-616\" style=\"width: 206px\" class=\"wp-caption alignright\"><img loading=\"lazy\" decoding=\"async\" class=\"wp-image-616\" src=\"https:\/\/www.pedagog.uw.edu.pl\/sknrozwoj\/wp-content\/uploads\/sites\/13\/2022\/01\/pol_pm_kiedy-nadchodzi-smutek-678_1-300x300.jpg\" alt=\"\" width=\"206\" height=\"206\" srcset=\"https:\/\/www.pedagog.uw.edu.pl\/sknrozwoj\/wp-content\/uploads\/sites\/13\/2022\/01\/pol_pm_kiedy-nadchodzi-smutek-678_1-300x300.jpg 300w, https:\/\/www.pedagog.uw.edu.pl\/sknrozwoj\/wp-content\/uploads\/sites\/13\/2022\/01\/pol_pm_kiedy-nadchodzi-smutek-678_1-150x150.jpg 150w, https:\/\/www.pedagog.uw.edu.pl\/sknrozwoj\/wp-content\/uploads\/sites\/13\/2022\/01\/pol_pm_kiedy-nadchodzi-smutek-678_1.jpg 450w\" sizes=\"auto, (max-width: 206px) 100vw, 206px\" \/><figcaption id=\"caption-attachment-616\" class=\"wp-caption-text\">\u0179r\u00f3d\u0142o: mamania.pl<\/figcaption><\/figure>\n<p><span style=\"font-weight: 400\">Ksi\u0105\u017ceczka, jak sam tytu\u0142 wskazuje, przybli\u017ca nam uczucie smutku. Autorka ksi\u0105\u017cki pokazuje smutek jako odr\u0119bn\u0105 posta\u0107, podobn\u0105 do duszka, kt\u00f3ra przychodzi niespodziewanie do g\u0142\u00f3wnego bohatera &#8211; ch\u0142opca. Smutek pod\u0105\u017ca za ch\u0142opcem krok w krok i g\u0142\u00f3wny bohater nie mo\u017ce ani go ukry\u0107, ani si\u0119 przed nim schowa\u0107. Rozwi\u0105zaniem, kt\u00f3re proponuje autorka, jest oswojenie si\u0119 z t\u0105 emocj\u0105. Na kolejnych stronach mo\u017cemy znale\u017a\u0107 konkretne rady co robi\u0107, kiedy obecno\u015b\u0107 tej emocji stanie si\u0119 nasz\u0105 rzeczywisto\u015bci\u0105.\u00a0\u00a0\u00a0<\/span><\/p>\n<p><span style=\"font-weight: 400\">Moim zdaniem &#8222;Kiedy nadchodzi smutek&#8221; jest bardzo dobr\u0105, m\u0105dr\u0105 ksi\u0105\u017ck\u0105, kt\u00f3r\u0105 zdecydowanie warto czyta\u0107 z dzie\u0107mi. Wykorzystuj\u0105c j\u0105, mo\u017cemy przedstawi\u0107 dzieciom emocje, w szczeg\u00f3lno\u015bci smutek, pom\u00f3c je zrozumie\u0107 i oswoi\u0107. Mo\u017cemy pokaza\u0107, i\u017c ka\u017cda emocja (nawet taka negatywna jak smutek) ma prawo istnie\u0107. Ksi\u0105\u017cka pokazuje, \u017ce gorszy dzie\u0144 nie b\u0119dzie trwa\u0142 wiecznie, \u017ce mo\u017cna poradzi\u0107 sobie z trudnymi emocjami, kt\u00f3re mog\u0105 przecie\u017c pojawi\u0107 si\u0119 niespodziewanie w \u017cyciu ka\u017cdego z nas.\u00a0\u00a0<\/span><\/p>\n<p><span style=\"font-weight: 400\">Serdecznie zach\u0119cam do przeczytania ksi\u0105\u017cki \u201eKiedy nadchodzi smutek\u201d. Bardzo dzi\u0119kujemy wydawnictwu Mamania za podarowanie nam ksi\u0105\u017cki do recenzji!<\/span><\/p>\n<p><span style=\"font-weight: 400\"><br \/>\nAutorka recenzji:<\/span><\/p>\n<p>Anna Havrylychk<\/p>\n","protected":false},"excerpt":{"rendered":"<p>Dzi\u015b przychodzimy do Was z recenzj\u0105 kr\u00f3ciutkiej, ale bardzo warto\u015bciowej ksi\u0105\u017cki dla dzieci. Pozycja pod tytu\u0142em \u201eKiedy nadchodzi smutek\u201d autorstwa Evy Eland zosta\u0142a wydana przez wydawnictwo Mamania.<\/p>\n","protected":false},"author":174,"featured_media":0,"comment_status":"closed","ping_status":"closed","sticky":false,"template":"","format":"standard","meta":{"footnotes":""},"categories":[1,4],"tags":[],"class_list":["post-615","post","type-post","status-publish","format-standard","hentry","category-aktualnosci","category-recenzje"],"_links":{"self":[{"href":"https:\/\/www.pedagog.uw.edu.pl\/sknrozwoj\/wp-json\/wp\/v2\/posts\/615","targetHints":{"allow":["GET"]}}],"collection":[{"href":"https:\/\/www.pedagog.uw.edu.pl\/sknrozwoj\/wp-json\/wp\/v2\/posts"}],"about":[{"href":"https:\/\/www.pedagog.uw.edu.pl\/sknrozwoj\/wp-json\/wp\/v2\/types\/post"}],"author":[{"embeddable":true,"href":"https:\/\/www.pedagog.uw.edu.pl\/sknrozwoj\/wp-json\/wp\/v2\/users\/174"}],"replies":[{"embeddable":true,"href":"https:\/\/www.pedagog.uw.edu.pl\/sknrozwoj\/wp-json\/wp\/v2\/comments?post=615"}],"version-history":[{"count":1,"href":"https:\/\/www.pedagog.uw.edu.pl\/sknrozwoj\/wp-json\/wp\/v2\/posts\/615\/revisions"}],"predecessor-version":[{"id":617,"href":"https:\/\/www.pedagog.uw.edu.pl\/sknrozwoj\/wp-json\/wp\/v2\/posts\/615\/revisions\/617"}],"wp:attachment":[{"href":"https:\/\/www.pedagog.uw.edu.pl\/sknrozwoj\/wp-json\/wp\/v2\/media?parent=615"}],"wp:term":[{"taxonomy":"category","embeddable":true,"href":"https:\/\/www.pedagog.uw.edu.pl\/sknrozwoj\/wp-json\/wp\/v2\/categories?post=615"},{"taxonomy":"post_tag","embeddable":true,"href":"https:\/\/www.pedagog.uw.edu.pl\/sknrozwoj\/wp-json\/wp\/v2\/tags?post=615"}],"curies":[{"name":"wp","href":"https:\/\/api.w.org\/{rel}","templated":true}]}}