{"id":69,"date":"2019-10-20T15:25:56","date_gmt":"2019-10-20T13:25:56","guid":{"rendered":"https:\/\/www.pedagog.uw.edu.pl\/sknrozwoj\/?p=69"},"modified":"2020-04-13T15:39:49","modified_gmt":"2020-04-13T13:39:49","slug":"konferencja-naukowa-18-10-2018","status":"publish","type":"post","link":"https:\/\/www.pedagog.uw.edu.pl\/sknrozwoj\/2019\/10\/20\/konferencja-naukowa-18-10-2018\/","title":{"rendered":"Konferencja naukowa 18.10.2018"},"content":{"rendered":"<p><img loading=\"lazy\" decoding=\"async\" class=\"size-medium wp-image-106 alignright\" src=\"http:\/\/www.pedagog.uw.edu.pl\/sknrozwoj\/wp-content\/uploads\/sites\/13\/2019\/10\/73132815_896391144065078_3383001445337923584_n-225x300.jpg\" alt=\"\" width=\"225\" height=\"300\" srcset=\"https:\/\/www.pedagog.uw.edu.pl\/sknrozwoj\/wp-content\/uploads\/sites\/13\/2019\/10\/73132815_896391144065078_3383001445337923584_n-225x300.jpg 225w, https:\/\/www.pedagog.uw.edu.pl\/sknrozwoj\/wp-content\/uploads\/sites\/13\/2019\/10\/73132815_896391144065078_3383001445337923584_n-768x1024.jpg 768w, https:\/\/www.pedagog.uw.edu.pl\/sknrozwoj\/wp-content\/uploads\/sites\/13\/2019\/10\/73132815_896391144065078_3383001445337923584_n-1152x1536.jpg 1152w, https:\/\/www.pedagog.uw.edu.pl\/sknrozwoj\/wp-content\/uploads\/sites\/13\/2019\/10\/73132815_896391144065078_3383001445337923584_n-285x380.jpg 285w, https:\/\/www.pedagog.uw.edu.pl\/sknrozwoj\/wp-content\/uploads\/sites\/13\/2019\/10\/73132815_896391144065078_3383001445337923584_n.jpg 1536w\" sizes=\"auto, (max-width: 225px) 100vw, 225px\" \/>Konferencja &#8222;Depresja Dzieci i M\u0142odzie\u017cy \u2013 Konteksty teoretyczne i praktyczne&#8221; zosta\u0142a zorganizowana w ramach II Og\u00f3lnopolskiej Konferencji Naukowej Zdrowie dzieci i m\u0142odzie\u017cy &#8211; implikacje pedagogiczne.<\/p>\n<p>Konferencja by\u0142a skierowana do nauczycieli szk\u00f3\u0142 podstawowych i ponadpodstawowych, pedagog\u00f3w i psycholog\u00f3w, nauczycieli akademickich oraz student\u00f3w.<\/p>\n<p><!--more--><\/p>\n<p>Organizatorami konferencji byli Katedra Biomedycznych Podstaw Rozwoju i Seksuologii oraz Studenckie Ko\u0142o Naukowe Kierunek Rozw\u00f3j, z Wydzia\u0142u Pedagogicznego Uniwersytetu Warszawskiego. Konferencja zosta\u0142a zorganizowana w partnerstwie z Fundacj\u0105 Instytutu Matki i Dziecka w Warszawie.<\/p>\n<p>G\u0142\u00f3wnym celem konferencji by\u0142o przedstawienie wynik\u00f3w najnowszych bada\u0144 dotycz\u0105cych uwarunkowa\u0144 depresji dzieci i m\u0142odzie\u017cy, sposob\u00f3w jej leczenia oraz roli szko\u0142y we wspieraniu ucznia z depresj\u0105. W konferencji wzi\u0119li udzia\u0142 specjali\u015bci r\u00f3\u017cnych dyscyplin naukowych oraz praktycy podejmuj\u0105cy dzia\u0142ania dla poprawy zdrowia psychicznego m\u0142odzie\u017cy. W nawi\u0105zaniu do dzia\u0142a\u0144 podejmowanych przez Fundacj\u0119 Instytutu Matki i Dziecka, wa\u017cn\u0105 cz\u0119\u015bci\u0105 konferencji by\u0142\u00a0 aktywny udzia\u0142 m\u0142odzie\u017cy.<\/p>\n<div class=\"wp-block-pdfemb-pdf-embedder-viewer\"><a href=\"https:\/\/www.pedagog.uw.edu.pl\/sknrozwoj\/wp-content\/uploads\/sites\/13\/2020\/04\/program_konferencja_depresja.pdf\" class=\"pdfemb-viewer\" style=\"\" data-width=\"max\" data-height=\"max\" data-toolbar=\"bottom\" data-toolbar-fixed=\"off\">program_konferencja_depresja<\/a><\/div>\n<p>Wi\u0119cej informacji na wydarzeniu <a href=\"https:\/\/www.facebook.com\/events\/529306687818253\/\">FB<\/a>.<\/p>\n<p><img loading=\"lazy\" decoding=\"async\" class=\"alignnone size-medium wp-image-105\" src=\"http:\/\/www.pedagog.uw.edu.pl\/sknrozwoj\/wp-content\/uploads\/sites\/13\/2019\/10\/72698608_445227769440125_1418740333386137600_n-300x200.jpg\" alt=\"\" width=\"300\" height=\"200\" srcset=\"https:\/\/www.pedagog.uw.edu.pl\/sknrozwoj\/wp-content\/uploads\/sites\/13\/2019\/10\/72698608_445227769440125_1418740333386137600_n-300x200.jpg 300w, https:\/\/www.pedagog.uw.edu.pl\/sknrozwoj\/wp-content\/uploads\/sites\/13\/2019\/10\/72698608_445227769440125_1418740333386137600_n-1024x683.jpg 1024w, https:\/\/www.pedagog.uw.edu.pl\/sknrozwoj\/wp-content\/uploads\/sites\/13\/2019\/10\/72698608_445227769440125_1418740333386137600_n-768x512.jpg 768w, https:\/\/www.pedagog.uw.edu.pl\/sknrozwoj\/wp-content\/uploads\/sites\/13\/2019\/10\/72698608_445227769440125_1418740333386137600_n-1536x1024.jpg 1536w, https:\/\/www.pedagog.uw.edu.pl\/sknrozwoj\/wp-content\/uploads\/sites\/13\/2019\/10\/72698608_445227769440125_1418740333386137600_n-570x380.jpg 570w, https:\/\/www.pedagog.uw.edu.pl\/sknrozwoj\/wp-content\/uploads\/sites\/13\/2019\/10\/72698608_445227769440125_1418740333386137600_n.jpg 2048w\" sizes=\"auto, (max-width: 300px) 100vw, 300px\" \/><img loading=\"lazy\" decoding=\"async\" class=\"alignnone size-medium wp-image-107\" src=\"http:\/\/www.pedagog.uw.edu.pl\/sknrozwoj\/wp-content\/uploads\/sites\/13\/2019\/10\/74586041_1407188506105618_3107591499320131584_n-300x200.jpg\" alt=\"\" width=\"300\" height=\"200\" srcset=\"https:\/\/www.pedagog.uw.edu.pl\/sknrozwoj\/wp-content\/uploads\/sites\/13\/2019\/10\/74586041_1407188506105618_3107591499320131584_n-300x200.jpg 300w, https:\/\/www.pedagog.uw.edu.pl\/sknrozwoj\/wp-content\/uploads\/sites\/13\/2019\/10\/74586041_1407188506105618_3107591499320131584_n-1024x683.jpg 1024w, https:\/\/www.pedagog.uw.edu.pl\/sknrozwoj\/wp-content\/uploads\/sites\/13\/2019\/10\/74586041_1407188506105618_3107591499320131584_n-768x512.jpg 768w, https:\/\/www.pedagog.uw.edu.pl\/sknrozwoj\/wp-content\/uploads\/sites\/13\/2019\/10\/74586041_1407188506105618_3107591499320131584_n-1536x1025.jpg 1536w, https:\/\/www.pedagog.uw.edu.pl\/sknrozwoj\/wp-content\/uploads\/sites\/13\/2019\/10\/74586041_1407188506105618_3107591499320131584_n-570x380.jpg 570w, https:\/\/www.pedagog.uw.edu.pl\/sknrozwoj\/wp-content\/uploads\/sites\/13\/2019\/10\/74586041_1407188506105618_3107591499320131584_n.jpg 2048w\" sizes=\"auto, (max-width: 300px) 100vw, 300px\" \/><\/p>\n","protected":false},"excerpt":{"rendered":"<p>Konferencja &#8222;Depresja Dzieci i M\u0142odzie\u017cy \u2013 Konteksty teoretyczne i praktyczne&#8221; zosta\u0142a zorganizowana w ramach II Og\u00f3lnopolskiej Konferencji Naukowej Zdrowie dzieci i m\u0142odzie\u017cy &#8211; implikacje pedagogiczne. Konferencja by\u0142a skierowana do nauczycieli szk\u00f3\u0142 podstawowych i ponadpodstawowych, pedagog\u00f3w i psycholog\u00f3w, nauczycieli akademickich oraz student\u00f3w.<\/p>\n","protected":false},"author":174,"featured_media":0,"comment_status":"closed","ping_status":"closed","sticky":false,"template":"","format":"standard","meta":{"footnotes":""},"categories":[1,6],"tags":[],"class_list":["post-69","post","type-post","status-publish","format-standard","hentry","category-aktualnosci","category-wydarzenia"],"_links":{"self":[{"href":"https:\/\/www.pedagog.uw.edu.pl\/sknrozwoj\/wp-json\/wp\/v2\/posts\/69","targetHints":{"allow":["GET"]}}],"collection":[{"href":"https:\/\/www.pedagog.uw.edu.pl\/sknrozwoj\/wp-json\/wp\/v2\/posts"}],"about":[{"href":"https:\/\/www.pedagog.uw.edu.pl\/sknrozwoj\/wp-json\/wp\/v2\/types\/post"}],"author":[{"embeddable":true,"href":"https:\/\/www.pedagog.uw.edu.pl\/sknrozwoj\/wp-json\/wp\/v2\/users\/174"}],"replies":[{"embeddable":true,"href":"https:\/\/www.pedagog.uw.edu.pl\/sknrozwoj\/wp-json\/wp\/v2\/comments?post=69"}],"version-history":[{"count":5,"href":"https:\/\/www.pedagog.uw.edu.pl\/sknrozwoj\/wp-json\/wp\/v2\/posts\/69\/revisions"}],"predecessor-version":[{"id":108,"href":"https:\/\/www.pedagog.uw.edu.pl\/sknrozwoj\/wp-json\/wp\/v2\/posts\/69\/revisions\/108"}],"wp:attachment":[{"href":"https:\/\/www.pedagog.uw.edu.pl\/sknrozwoj\/wp-json\/wp\/v2\/media?parent=69"}],"wp:term":[{"taxonomy":"category","embeddable":true,"href":"https:\/\/www.pedagog.uw.edu.pl\/sknrozwoj\/wp-json\/wp\/v2\/categories?post=69"},{"taxonomy":"post_tag","embeddable":true,"href":"https:\/\/www.pedagog.uw.edu.pl\/sknrozwoj\/wp-json\/wp\/v2\/tags?post=69"}],"curies":[{"name":"wp","href":"https:\/\/api.w.org\/{rel}","templated":true}]}}