{"id":747,"date":"2025-01-13T13:47:01","date_gmt":"2025-01-13T12:47:01","guid":{"rendered":"https:\/\/www.pedagog.uw.edu.pl\/sknrozwoj\/?p=747"},"modified":"2025-01-13T13:47:01","modified_gmt":"2025-01-13T12:47:01","slug":"warsztaty-mapy-marzen-11-01-2025","status":"publish","type":"post","link":"https:\/\/www.pedagog.uw.edu.pl\/sknrozwoj\/2025\/01\/13\/warsztaty-mapy-marzen-11-01-2025\/","title":{"rendered":"Warsztaty Mapy Marze\u0144 &#8211; 11.01.2025"},"content":{"rendered":"<p style=\"text-align: center\"><strong><span class=\"html-span xexx8yu x4uap5 x18d9i69 xkhd6sd x1hl2dhg x16tdsg8 x1vvkbs x3nfvp2 x1j61x8r x1fcty0u xdj266r xat24cr xgzva0m xhhsvwb xxymvpz xlup9mm x1kky2od\"><img loading=\"lazy\" decoding=\"async\" class=\"xz74otr\" src=\"https:\/\/static.xx.fbcdn.net\/images\/emoji.php\/v9\/t3c\/1\/16\/1f4a1.png\" alt=\"\ud83d\udca1\" width=\"16\" height=\"16\" \/><\/span> Warsztaty pe\u0142ne inspiracji i praktycznych narz\u0119dzi za nami! <span class=\"html-span xexx8yu x4uap5 x18d9i69 xkhd6sd x1hl2dhg x16tdsg8 x1vvkbs x3nfvp2 x1j61x8r x1fcty0u xdj266r xat24cr xgzva0m xhhsvwb xxymvpz xlup9mm x1kky2od\"><img loading=\"lazy\" decoding=\"async\" class=\"xz74otr\" src=\"https:\/\/static.xx.fbcdn.net\/images\/emoji.php\/v9\/t3c\/1\/16\/1f4a1.png\" alt=\"\ud83d\udca1\" width=\"16\" height=\"16\" \/><\/span> <\/strong><!--more--><\/p>\n<p>W minion\u0105 sobot\u0119 mieli\u015bmy przyjemno\u015b\u0107 zorganizowa\u0107 warsztaty, kt\u00f3re by\u0142y podzielone na dwie cz\u0119\u015bci, a ka\u017cda z nich dostarczy\u0142a uczestnikom warto\u015bciowych do\u015bwiadcze\u0144.<\/p>\n<p><strong>Zarz\u0105dzanie sob\u0105 w czasie<\/strong><\/p>\n<p>Pierwsza cz\u0119\u015b\u0107 by\u0142a po\u015bwi\u0119cona efektywnemu zarz\u0105dzaniu sob\u0105 w czasie. Wsp\u00f3lnie pracowali\u015bmy nad praktycznymi strategiami i narz\u0119dziami, kt\u00f3re pomog\u0105 lepiej planowa\u0107, wyznacza\u0107 priorytety i osi\u0105ga\u0107 cele. Nasi uczestnicy mogli dowiedzie\u0107 si\u0119 jak skutecznie radzi\u0107 sobie z prokrastynacj\u0105 i maksymalnie wykorzystywa\u0107 sw\u00f3j potencja\u0142 w codziennych dzia\u0142aniach.<\/p>\n<p><strong>Tworzenie mapy marze\u0144<\/strong><\/p>\n<p>Druga cz\u0119\u015b\u0107 warsztat\u00f3w pozwoli\u0142a nam zanurzy\u0107 si\u0119 w \u015bwiat marze\u0144 i cel\u00f3w. Uczestnicy mieli okazj\u0119 stworzy\u0107 swoje w\u0142asne mapy marze\u0144 \u2013 inspiruj\u0105ce wizualizacje ich aspiracji i plan\u00f3w. By\u0142o to niezwykle kreatywne i motywuj\u0105ce do\u015bwiadczenie, kt\u00f3re z pewno\u015bci\u0105 pomo\u017ce w realizacji postawionych sobie cel\u00f3w.<\/p>\n<p>Dzi\u0119kujemy i zapraszamy na wi\u0119cej! Warsztaty zosta\u0142y zorganizowane przez nasze Ko\u0142o Naukowe i mamy nadziej\u0119, \u017ce by\u0142y dla Was inspiruj\u0105ce. Prowadzi\u0142a je nasza cz\u0142onkini &#8211; Maria Szyd\u0142owska. Ju\u017c planujemy kolejne wydarzenia, dlatego warto nas obserwowa\u0107, \u017ceby niczego nie przegapi\u0107!<\/p>\n<p>Do zobaczenia na kolejnych warsztatach!\u00a0 \ud83d\ude42<\/p>\n<p>&nbsp;<\/p>\n<p><img loading=\"lazy\" decoding=\"async\" class=\"alignnone size-medium wp-image-752\" src=\"https:\/\/www.pedagog.uw.edu.pl\/sknrozwoj\/wp-content\/uploads\/sites\/13\/2025\/01\/20250111_170453-225x300.jpg\" alt=\"\" width=\"225\" height=\"300\" srcset=\"https:\/\/www.pedagog.uw.edu.pl\/sknrozwoj\/wp-content\/uploads\/sites\/13\/2025\/01\/20250111_170453-225x300.jpg 225w, https:\/\/www.pedagog.uw.edu.pl\/sknrozwoj\/wp-content\/uploads\/sites\/13\/2025\/01\/20250111_170453-768x1024.jpg 768w, https:\/\/www.pedagog.uw.edu.pl\/sknrozwoj\/wp-content\/uploads\/sites\/13\/2025\/01\/20250111_170453-1152x1536.jpg 1152w, https:\/\/www.pedagog.uw.edu.pl\/sknrozwoj\/wp-content\/uploads\/sites\/13\/2025\/01\/20250111_170453-1536x2048.jpg 1536w, https:\/\/www.pedagog.uw.edu.pl\/sknrozwoj\/wp-content\/uploads\/sites\/13\/2025\/01\/20250111_170453-scaled.jpg 1920w\" sizes=\"auto, (max-width: 225px) 100vw, 225px\" \/> <img loading=\"lazy\" decoding=\"async\" class=\"alignnone size-medium wp-image-748\" src=\"https:\/\/www.pedagog.uw.edu.pl\/sknrozwoj\/wp-content\/uploads\/sites\/13\/2025\/01\/20250111_191221-212x300.jpg\" alt=\"\" width=\"212\" height=\"300\" srcset=\"https:\/\/www.pedagog.uw.edu.pl\/sknrozwoj\/wp-content\/uploads\/sites\/13\/2025\/01\/20250111_191221-212x300.jpg 212w, https:\/\/www.pedagog.uw.edu.pl\/sknrozwoj\/wp-content\/uploads\/sites\/13\/2025\/01\/20250111_191221-723x1024.jpg 723w, https:\/\/www.pedagog.uw.edu.pl\/sknrozwoj\/wp-content\/uploads\/sites\/13\/2025\/01\/20250111_191221-768x1087.jpg 768w, https:\/\/www.pedagog.uw.edu.pl\/sknrozwoj\/wp-content\/uploads\/sites\/13\/2025\/01\/20250111_191221-1085x1536.jpg 1085w, https:\/\/www.pedagog.uw.edu.pl\/sknrozwoj\/wp-content\/uploads\/sites\/13\/2025\/01\/20250111_191221-1447x2048.jpg 1447w, https:\/\/www.pedagog.uw.edu.pl\/sknrozwoj\/wp-content\/uploads\/sites\/13\/2025\/01\/20250111_191221-scaled.jpg 1808w\" sizes=\"auto, (max-width: 212px) 100vw, 212px\" \/> <img loading=\"lazy\" decoding=\"async\" class=\"alignnone size-medium wp-image-749\" src=\"https:\/\/www.pedagog.uw.edu.pl\/sknrozwoj\/wp-content\/uploads\/sites\/13\/2025\/01\/20250111_190241-300x212.jpg\" alt=\"\" width=\"300\" height=\"212\" srcset=\"https:\/\/www.pedagog.uw.edu.pl\/sknrozwoj\/wp-content\/uploads\/sites\/13\/2025\/01\/20250111_190241-300x212.jpg 300w, https:\/\/www.pedagog.uw.edu.pl\/sknrozwoj\/wp-content\/uploads\/sites\/13\/2025\/01\/20250111_190241-1024x724.jpg 1024w, https:\/\/www.pedagog.uw.edu.pl\/sknrozwoj\/wp-content\/uploads\/sites\/13\/2025\/01\/20250111_190241-768x543.jpg 768w, https:\/\/www.pedagog.uw.edu.pl\/sknrozwoj\/wp-content\/uploads\/sites\/13\/2025\/01\/20250111_190241-1536x1086.jpg 1536w, https:\/\/www.pedagog.uw.edu.pl\/sknrozwoj\/wp-content\/uploads\/sites\/13\/2025\/01\/20250111_190241-2048x1448.jpg 2048w\" sizes=\"auto, (max-width: 300px) 100vw, 300px\" \/> <img loading=\"lazy\" decoding=\"async\" class=\"alignnone size-medium wp-image-750\" src=\"https:\/\/www.pedagog.uw.edu.pl\/sknrozwoj\/wp-content\/uploads\/sites\/13\/2025\/01\/20250111_1818330-212x300.jpg\" alt=\"\" width=\"212\" height=\"300\" srcset=\"https:\/\/www.pedagog.uw.edu.pl\/sknrozwoj\/wp-content\/uploads\/sites\/13\/2025\/01\/20250111_1818330-212x300.jpg 212w, https:\/\/www.pedagog.uw.edu.pl\/sknrozwoj\/wp-content\/uploads\/sites\/13\/2025\/01\/20250111_1818330-724x1024.jpg 724w, https:\/\/www.pedagog.uw.edu.pl\/sknrozwoj\/wp-content\/uploads\/sites\/13\/2025\/01\/20250111_1818330-768x1086.jpg 768w, https:\/\/www.pedagog.uw.edu.pl\/sknrozwoj\/wp-content\/uploads\/sites\/13\/2025\/01\/20250111_1818330-1086x1536.jpg 1086w, https:\/\/www.pedagog.uw.edu.pl\/sknrozwoj\/wp-content\/uploads\/sites\/13\/2025\/01\/20250111_1818330-1448x2048.jpg 1448w, https:\/\/www.pedagog.uw.edu.pl\/sknrozwoj\/wp-content\/uploads\/sites\/13\/2025\/01\/20250111_1818330-scaled.jpg 1810w\" sizes=\"auto, (max-width: 212px) 100vw, 212px\" \/>\u00a0<img loading=\"lazy\" decoding=\"async\" class=\"alignnone size-medium wp-image-753\" src=\"https:\/\/www.pedagog.uw.edu.pl\/sknrozwoj\/wp-content\/uploads\/sites\/13\/2025\/01\/20250111_170509-225x300.jpg\" alt=\"\" width=\"225\" height=\"300\" srcset=\"https:\/\/www.pedagog.uw.edu.pl\/sknrozwoj\/wp-content\/uploads\/sites\/13\/2025\/01\/20250111_170509-225x300.jpg 225w, https:\/\/www.pedagog.uw.edu.pl\/sknrozwoj\/wp-content\/uploads\/sites\/13\/2025\/01\/20250111_170509-768x1024.jpg 768w, https:\/\/www.pedagog.uw.edu.pl\/sknrozwoj\/wp-content\/uploads\/sites\/13\/2025\/01\/20250111_170509-1152x1536.jpg 1152w, https:\/\/www.pedagog.uw.edu.pl\/sknrozwoj\/wp-content\/uploads\/sites\/13\/2025\/01\/20250111_170509-1536x2048.jpg 1536w, https:\/\/www.pedagog.uw.edu.pl\/sknrozwoj\/wp-content\/uploads\/sites\/13\/2025\/01\/20250111_170509-scaled.jpg 1920w\" sizes=\"auto, (max-width: 225px) 100vw, 225px\" \/><img loading=\"lazy\" decoding=\"async\" class=\"alignnone size-medium wp-image-751\" src=\"https:\/\/www.pedagog.uw.edu.pl\/sknrozwoj\/wp-content\/uploads\/sites\/13\/2025\/01\/20250111_175817-1-1-300x212.jpg\" alt=\"\" width=\"300\" height=\"212\" srcset=\"https:\/\/www.pedagog.uw.edu.pl\/sknrozwoj\/wp-content\/uploads\/sites\/13\/2025\/01\/20250111_175817-1-1-300x212.jpg 300w, https:\/\/www.pedagog.uw.edu.pl\/sknrozwoj\/wp-content\/uploads\/sites\/13\/2025\/01\/20250111_175817-1-1-1024x723.jpg 1024w, https:\/\/www.pedagog.uw.edu.pl\/sknrozwoj\/wp-content\/uploads\/sites\/13\/2025\/01\/20250111_175817-1-1-768x543.jpg 768w, https:\/\/www.pedagog.uw.edu.pl\/sknrozwoj\/wp-content\/uploads\/sites\/13\/2025\/01\/20250111_175817-1-1-1536x1085.jpg 1536w, https:\/\/www.pedagog.uw.edu.pl\/sknrozwoj\/wp-content\/uploads\/sites\/13\/2025\/01\/20250111_175817-1-1-2048x1447.jpg 2048w\" sizes=\"auto, (max-width: 300px) 100vw, 300px\" \/><\/p>\n","protected":false},"excerpt":{"rendered":"<p>Warsztaty pe\u0142ne inspiracji i praktycznych narz\u0119dzi za nami!<\/p>\n","protected":false},"author":174,"featured_media":0,"comment_status":"closed","ping_status":"closed","sticky":false,"template":"","format":"standard","meta":{"footnotes":""},"categories":[1,6],"tags":[],"class_list":["post-747","post","type-post","status-publish","format-standard","hentry","category-aktualnosci","category-wydarzenia"],"_links":{"self":[{"href":"https:\/\/www.pedagog.uw.edu.pl\/sknrozwoj\/wp-json\/wp\/v2\/posts\/747","targetHints":{"allow":["GET"]}}],"collection":[{"href":"https:\/\/www.pedagog.uw.edu.pl\/sknrozwoj\/wp-json\/wp\/v2\/posts"}],"about":[{"href":"https:\/\/www.pedagog.uw.edu.pl\/sknrozwoj\/wp-json\/wp\/v2\/types\/post"}],"author":[{"embeddable":true,"href":"https:\/\/www.pedagog.uw.edu.pl\/sknrozwoj\/wp-json\/wp\/v2\/users\/174"}],"replies":[{"embeddable":true,"href":"https:\/\/www.pedagog.uw.edu.pl\/sknrozwoj\/wp-json\/wp\/v2\/comments?post=747"}],"version-history":[{"count":2,"href":"https:\/\/www.pedagog.uw.edu.pl\/sknrozwoj\/wp-json\/wp\/v2\/posts\/747\/revisions"}],"predecessor-version":[{"id":755,"href":"https:\/\/www.pedagog.uw.edu.pl\/sknrozwoj\/wp-json\/wp\/v2\/posts\/747\/revisions\/755"}],"wp:attachment":[{"href":"https:\/\/www.pedagog.uw.edu.pl\/sknrozwoj\/wp-json\/wp\/v2\/media?parent=747"}],"wp:term":[{"taxonomy":"category","embeddable":true,"href":"https:\/\/www.pedagog.uw.edu.pl\/sknrozwoj\/wp-json\/wp\/v2\/categories?post=747"},{"taxonomy":"post_tag","embeddable":true,"href":"https:\/\/www.pedagog.uw.edu.pl\/sknrozwoj\/wp-json\/wp\/v2\/tags?post=747"}],"curies":[{"name":"wp","href":"https:\/\/api.w.org\/{rel}","templated":true}]}}