{"id":75,"date":"2020-04-10T14:34:25","date_gmt":"2020-04-10T12:34:25","guid":{"rendered":"https:\/\/www.pedagog.uw.edu.pl\/sknrozwoj\/?p=75"},"modified":"2020-04-13T14:34:38","modified_gmt":"2020-04-13T12:34:38","slug":"zyczenia-wielkanocne-2020","status":"publish","type":"post","link":"https:\/\/www.pedagog.uw.edu.pl\/sknrozwoj\/2020\/04\/10\/zyczenia-wielkanocne-2020\/","title":{"rendered":"\u017byczenia wielkanocne 2020"},"content":{"rendered":"<p>Przekaz kierowany do wszystkich Pracownik\u00f3w i Student\u00f3w WPUW. W zwi\u0105zku z kwarantann\u0105 i trudnym czasem &#8211; wys\u0142ali\u015bmy w \u015bwiat nast\u0119puj\u0105c\u0105 wiadomo\u015b\u0107:<\/p>\n<p><img loading=\"lazy\" decoding=\"async\" class=\"alignnone size-medium wp-image-77\" src=\"http:\/\/www.pedagog.uw.edu.pl\/sknrozwoj\/wp-content\/uploads\/sites\/13\/2020\/04\/zyczenia-300x212.jpg\" alt=\"\" width=\"300\" height=\"212\" srcset=\"https:\/\/www.pedagog.uw.edu.pl\/sknrozwoj\/wp-content\/uploads\/sites\/13\/2020\/04\/zyczenia-300x212.jpg 300w, https:\/\/www.pedagog.uw.edu.pl\/sknrozwoj\/wp-content\/uploads\/sites\/13\/2020\/04\/zyczenia-1024x724.jpg 1024w, https:\/\/www.pedagog.uw.edu.pl\/sknrozwoj\/wp-content\/uploads\/sites\/13\/2020\/04\/zyczenia-768x543.jpg 768w, https:\/\/www.pedagog.uw.edu.pl\/sknrozwoj\/wp-content\/uploads\/sites\/13\/2020\/04\/zyczenia-1536x1086.jpg 1536w, https:\/\/www.pedagog.uw.edu.pl\/sknrozwoj\/wp-content\/uploads\/sites\/13\/2020\/04\/zyczenia-2048x1448.jpg 2048w, https:\/\/www.pedagog.uw.edu.pl\/sknrozwoj\/wp-content\/uploads\/sites\/13\/2020\/04\/zyczenia-537x380.jpg 537w\" sizes=\"auto, (max-width: 300px) 100vw, 300px\" \/><\/p>\n<p>Weso\u0142ych \u015bwi\u0105t!<\/p>\n","protected":false},"excerpt":{"rendered":"<p>Przekaz kierowany do wszystkich Pracownik\u00f3w i Student\u00f3w WPUW. W zwi\u0105zku z kwarantann\u0105 i trudnym czasem &#8211; wys\u0142ali\u015bmy w \u015bwiat nast\u0119puj\u0105c\u0105 wiadomo\u015b\u0107: Weso\u0142ych \u015bwi\u0105t!<\/p>\n","protected":false},"author":174,"featured_media":0,"comment_status":"closed","ping_status":"closed","sticky":false,"template":"","format":"standard","meta":{"footnotes":""},"categories":[1],"tags":[],"class_list":["post-75","post","type-post","status-publish","format-standard","hentry","category-aktualnosci"],"_links":{"self":[{"href":"https:\/\/www.pedagog.uw.edu.pl\/sknrozwoj\/wp-json\/wp\/v2\/posts\/75","targetHints":{"allow":["GET"]}}],"collection":[{"href":"https:\/\/www.pedagog.uw.edu.pl\/sknrozwoj\/wp-json\/wp\/v2\/posts"}],"about":[{"href":"https:\/\/www.pedagog.uw.edu.pl\/sknrozwoj\/wp-json\/wp\/v2\/types\/post"}],"author":[{"embeddable":true,"href":"https:\/\/www.pedagog.uw.edu.pl\/sknrozwoj\/wp-json\/wp\/v2\/users\/174"}],"replies":[{"embeddable":true,"href":"https:\/\/www.pedagog.uw.edu.pl\/sknrozwoj\/wp-json\/wp\/v2\/comments?post=75"}],"version-history":[{"count":1,"href":"https:\/\/www.pedagog.uw.edu.pl\/sknrozwoj\/wp-json\/wp\/v2\/posts\/75\/revisions"}],"predecessor-version":[{"id":78,"href":"https:\/\/www.pedagog.uw.edu.pl\/sknrozwoj\/wp-json\/wp\/v2\/posts\/75\/revisions\/78"}],"wp:attachment":[{"href":"https:\/\/www.pedagog.uw.edu.pl\/sknrozwoj\/wp-json\/wp\/v2\/media?parent=75"}],"wp:term":[{"taxonomy":"category","embeddable":true,"href":"https:\/\/www.pedagog.uw.edu.pl\/sknrozwoj\/wp-json\/wp\/v2\/categories?post=75"},{"taxonomy":"post_tag","embeddable":true,"href":"https:\/\/www.pedagog.uw.edu.pl\/sknrozwoj\/wp-json\/wp\/v2\/tags?post=75"}],"curies":[{"name":"wp","href":"https:\/\/api.w.org\/{rel}","templated":true}]}}