{"id":769,"date":"2025-05-12T07:00:20","date_gmt":"2025-05-12T05:00:20","guid":{"rendered":"https:\/\/www.pedagog.uw.edu.pl\/sknrozwoj\/?p=769"},"modified":"2025-04-27T14:09:33","modified_gmt":"2025-04-27T12:09:33","slug":"integracja-sensoryczna-recenzja-ksiazki","status":"publish","type":"post","link":"https:\/\/www.pedagog.uw.edu.pl\/sknrozwoj\/2025\/05\/12\/integracja-sensoryczna-recenzja-ksiazki\/","title":{"rendered":"\u201eIntegracja sensoryczna\u201d- recenzja ksi\u0105\u017cki"},"content":{"rendered":"<p>Dlaczego zmys\u0142y odgrywaj\u0105 kluczow\u0105 rol\u0119 w codziennym funkcjonowaniu cz\u0142owieka? Czym jest samoregulacja? Jak wspiera\u0107 dzieci z zaburzeniami przetwarzania sensorycznego? Odpowiedzi na te i wiele innych pyta\u0144 znajdziemy w ksi\u0105\u017cce dr Stephanie M. Foster pt. <a href=\"https:\/\/www.gwp.pl\/integracja-sensoryczna.html\">\u201eIntegracja sensorycznaJak pom\u00f3c dziecku z zaburzeniami przetwarzania sensorycznego w rozwijaniu umiej\u0119tno\u015bci samoregulacji<\/a><a href=\"https:\/\/www.gwp.pl\/integracja-sensoryczna.html\">\u201d.<\/a><br \/>\nWielu z nas nie wie, jak skutecznie pom\u00f3c dzieciom, kt\u00f3re odbieraj\u0105 bod\u017ace zmys\u0142owe zbyt intensywnie lub zbyt s\u0142abo.<img loading=\"lazy\" decoding=\"async\" class=\"size-medium wp-image-779 alignright\" src=\"https:\/\/www.pedagog.uw.edu.pl\/sknrozwoj\/wp-content\/uploads\/sites\/13\/2025\/04\/integracja-sensoryczna.2-228x300.jpg\" alt=\"\" width=\"228\" height=\"300\" srcset=\"https:\/\/www.pedagog.uw.edu.pl\/sknrozwoj\/wp-content\/uploads\/sites\/13\/2025\/04\/integracja-sensoryczna.2-228x300.jpg 228w, https:\/\/www.pedagog.uw.edu.pl\/sknrozwoj\/wp-content\/uploads\/sites\/13\/2025\/04\/integracja-sensoryczna.2.jpg 381w\" sizes=\"auto, (max-width: 228px) 100vw, 228px\" \/><\/p>\n<p>W pierwszej cz\u0119\u015bci ksi\u0105\u017cki autorka dok\u0142adnie wyja\u015bnia, czym jest zaburzenie przetwarzania sensorycznego oraz jak wp\u0142ywa ono na codzienne funkcjonowanie dziecka. Porusza r\u00f3wnie\u017c niezwykle wa\u017cny, cho\u0107 cz\u0119sto pomijany temat samoregulacji i uwa\u017cno\u015bci, kt\u00f3re maj\u0105 istotny wp\u0142yw na samopoczucie dzieci z trudno\u015bciami sensorycznymi.<\/p>\n<p>&nbsp;<\/p>\n<p>Druga cz\u0119\u015b\u0107 ksi\u0105\u017cki zawiera kilkana\u015bcie praktycznych \u0107wicze\u0144, kt\u00f3re pomagaj\u0105 zaspokoi\u0107 potrzeby sensoryczne dziecka. To warto\u015bciowa lektura nie tylko dla rodzic\u00f3w, ale r\u00f3wnie\u017c dla nauczycieli \u2013 dostarcza konkretnych narz\u0119dzi, kt\u00f3re mo\u017cna zastosowa\u0107 zar\u00f3wno w \u015brodowisku szkolnym, jak i domowym.<\/p>\n<p>Gda\u0144skiemu Wydawnictwu Psychologicznemu dzi\u0119kujemy za podarowanie ksi\u0105\u017cki do recenzji. \ud83d\ude42<\/p>\n<p>Autorka recenzji: Amelia Brz\u00f3ska<\/p>\n<p>&nbsp;<\/p>\n<p>&nbsp;<\/p>\n","protected":false},"excerpt":{"rendered":"<p>Dlaczego zmys\u0142y odgrywaj\u0105 kluczow\u0105 rol\u0119 w codziennym funkcjonowaniu cz\u0142owieka? Czym jest samoregulacja? Jak wspiera\u0107 dzieci z zaburzeniami przetwarzania sensorycznego? Odpowiedzi na te i wiele innych pyta\u0144 znajdziemy w ksi\u0105\u017cce dr Stephanie M. Foster pt. \u201eIntegracja sensorycznaJak pom\u00f3c dziecku z zaburzeniami przetwarzania sensorycznego w rozwijaniu umiej\u0119tno\u015bci samoregulacji\u201d. Wielu z nas nie wie, jak skutecznie pom\u00f3c dzieciom, [&hellip;]<\/p>\n","protected":false},"author":174,"featured_media":0,"comment_status":"closed","ping_status":"closed","sticky":false,"template":"","format":"standard","meta":{"footnotes":""},"categories":[1,4],"tags":[],"class_list":["post-769","post","type-post","status-publish","format-standard","hentry","category-aktualnosci","category-recenzje"],"_links":{"self":[{"href":"https:\/\/www.pedagog.uw.edu.pl\/sknrozwoj\/wp-json\/wp\/v2\/posts\/769","targetHints":{"allow":["GET"]}}],"collection":[{"href":"https:\/\/www.pedagog.uw.edu.pl\/sknrozwoj\/wp-json\/wp\/v2\/posts"}],"about":[{"href":"https:\/\/www.pedagog.uw.edu.pl\/sknrozwoj\/wp-json\/wp\/v2\/types\/post"}],"author":[{"embeddable":true,"href":"https:\/\/www.pedagog.uw.edu.pl\/sknrozwoj\/wp-json\/wp\/v2\/users\/174"}],"replies":[{"embeddable":true,"href":"https:\/\/www.pedagog.uw.edu.pl\/sknrozwoj\/wp-json\/wp\/v2\/comments?post=769"}],"version-history":[{"count":6,"href":"https:\/\/www.pedagog.uw.edu.pl\/sknrozwoj\/wp-json\/wp\/v2\/posts\/769\/revisions"}],"predecessor-version":[{"id":786,"href":"https:\/\/www.pedagog.uw.edu.pl\/sknrozwoj\/wp-json\/wp\/v2\/posts\/769\/revisions\/786"}],"wp:attachment":[{"href":"https:\/\/www.pedagog.uw.edu.pl\/sknrozwoj\/wp-json\/wp\/v2\/media?parent=769"}],"wp:term":[{"taxonomy":"category","embeddable":true,"href":"https:\/\/www.pedagog.uw.edu.pl\/sknrozwoj\/wp-json\/wp\/v2\/categories?post=769"},{"taxonomy":"post_tag","embeddable":true,"href":"https:\/\/www.pedagog.uw.edu.pl\/sknrozwoj\/wp-json\/wp\/v2\/tags?post=769"}],"curies":[{"name":"wp","href":"https:\/\/api.w.org\/{rel}","templated":true}]}}